{"id":2993,"date":"2026-02-05T08:37:58","date_gmt":"2026-02-05T08:37:58","guid":{"rendered":"https:\/\/intonorway.no\/?p=2993"},"modified":"2026-02-10T10:52:39","modified_gmt":"2026-02-10T10:52:39","slug":"hoyfjell-og-nasjonalparker","status":"publish","type":"post","link":"https:\/\/intonorway.com\/no\/hoyfjell-og-nasjonalparker\/","title":{"rendered":"H\u00f8yfjell og nasjonalparker"},"content":{"rendered":"<p>[et_pb_section fb_built=&raquo;1&#8243; _builder_version=&raquo;4.16&#8243; _module_preset=&raquo;default&raquo; background_enable_color=&raquo;off&raquo; global_colors_info=&raquo;{}&raquo; theme_builder_area=&raquo;post_content&raquo;][et_pb_row _builder_version=&raquo;4.16&#8243; _module_preset=&raquo;b390f12f-39f4-4e01-b7d8-95291ccf5b61&#8243; custom_padding=&raquo;30px||30px||false|false&raquo; global_colors_info=&raquo;{}&raquo; theme_builder_area=&raquo;post_content&raquo;][et_pb_column type=&raquo;4_4&#8243; _builder_version=&raquo;4.16&#8243; _module_preset=&raquo;default&raquo; global_colors_info=&raquo;{}&raquo; theme_builder_area=&raquo;post_content&raquo;][et_pb_text _builder_version=&raquo;4.27.5&#8243; _module_preset=&raquo;9bd56e3e-6860-4a64-bb5e-f7d858ceb928&#8243; header_line_height=&raquo;1.3em&raquo; module_alignment=&raquo;left&raquo; custom_margin=&raquo;||10px||false|false&raquo; custom_padding=&raquo;0px||0px||true|false&raquo; global_colors_info=&raquo;{}&raquo; theme_builder_area=&raquo;post_content&raquo;]<\/p>\n<h1>H\u00f8yfjell og nasjonalparker<\/h1>\n<div id=\"Content\">\n<div class=\"boxed\">\n<div id=\"lipsum\"><\/div>\n<\/div>\n<\/div>\n<p>[\/et_pb_text][et_pb_divider color=&raquo;#68227e&raquo; divider_weight=&raquo;5px&raquo; _builder_version=&raquo;4.27.4&#8243; _module_preset=&raquo;68fe8a86-81f2-448e-bbe3-e696cbfb5e01&#8243; max_width=&raquo;30%&raquo; module_alignment=&raquo;left&raquo; global_colors_info=&raquo;{}&raquo; theme_builder_area=&raquo;post_content&raquo;][\/et_pb_divider][\/et_pb_column][\/et_pb_row][et_pb_row _builder_version=&raquo;4.16&#8243; _module_preset=&raquo;b390f12f-39f4-4e01-b7d8-95291ccf5b61&#8243; custom_padding=&raquo;30px||30px||false|false&raquo; global_colors_info=&raquo;{}&raquo; theme_builder_area=&raquo;post_content&raquo;][et_pb_column type=&raquo;4_4&#8243; _builder_version=&raquo;4.16&#8243; _module_preset=&raquo;default&raquo; global_colors_info=&raquo;{}&raquo; theme_builder_area=&raquo;post_content&raquo;][et_pb_text _builder_version=&raquo;4.27.5&#8243; _module_preset=&raquo;9bd56e3e-6860-4a64-bb5e-f7d858ceb928&#8243; text_font=&raquo;|700|||||||&raquo; text_font_size=&raquo;21px&raquo; width=&raquo;100%&raquo; width_tablet=&raquo;80%&raquo; width_phone=&raquo;&raquo; width_last_edited=&raquo;on|tablet&raquo; module_alignment=&raquo;left&raquo; global_colors_info=&raquo;{}&raquo; theme_builder_area=&raquo;post_content&raquo;]<\/p>\n<p data-start=\"107\" data-end=\"304\"><strong>Milevis med \u00e5pent terreng, sn\u00f8kledde fjelltopper, majestetiske nasjonalparker og uendelige muligheter b\u00e5de i og utenfor sporet.<span>\u00a0<\/span><\/strong><strong>Kun noen timers reisevei unna kan du oppleve et h\u00f8yfjellseldorado hvor du kan pakke bort k\u00f8 og hverdagsstress, og bare nyte.<\/strong><\/p>\n<p>[\/et_pb_text][\/et_pb_column][\/et_pb_row][et_pb_row _builder_version=&raquo;4.27.5&#8243; _module_preset=&raquo;default&raquo; global_colors_info=&raquo;{}&raquo; theme_builder_area=&raquo;post_content&raquo;][et_pb_column type=&raquo;4_4&#8243; _builder_version=&raquo;4.27.5&#8243; _module_preset=&raquo;default&raquo; global_colors_info=&raquo;{}&raquo; theme_builder_area=&raquo;post_content&raquo;][et_pb_image src=&raquo;https:\/\/intonorway.no\/wp-content\/uploads\/sites\/6\/2026\/02\/nurfafz32v.jpg&raquo; alt=&raquo;Rondane nasjonalpark&raquo; title_text=&raquo;Utsikt mot Rondane&raquo; _builder_version=&raquo;4.27.5&#8243; _module_preset=&raquo;default&raquo; global_colors_info=&raquo;{}&raquo; theme_builder_area=&raquo;post_content&raquo;][\/et_pb_image][\/et_pb_column][\/et_pb_row][et_pb_row _builder_version=&raquo;4.27.5&#8243; _module_preset=&raquo;default&raquo; global_colors_info=&raquo;{}&raquo; theme_builder_area=&raquo;post_content&raquo;][et_pb_column type=&raquo;4_4&#8243; _builder_version=&raquo;4.27.5&#8243; _module_preset=&raquo;default&raquo; global_colors_info=&raquo;{}&raquo; theme_builder_area=&raquo;post_content&raquo;][et_pb_text _builder_version=&raquo;4.27.5&#8243; _module_preset=&raquo;default&raquo; global_colors_info=&raquo;{}&raquo; theme_builder_area=&raquo;post_content&raquo;]<\/p>\n<h2>H\u00f8yfjellsmuligheter<\/h2>\n<p>Hamar, Lillehammer og Gudbrandsdalen er omgitt av fantastisk natur og kan by p\u00e5 et eldorado av naturopplevelser. Lengst nord i Gudbrandsdalen kan du ferdes i \u00e9n eller flere nasjonalparker. I tillegg kan du oppleve den ekte, gode ferien p\u00e5 h\u00f8yfjellshotell hvor du blir tatt ekstra godt vare p\u00e5 av vertskapet, og hvor aktivitetsmulighetene ligger som perler p\u00e5 en snor et steinkast unna.<span><\/span><\/p>\n<p>[\/et_pb_text][\/et_pb_column][\/et_pb_row][et_pb_row column_structure=&raquo;1_2,1_2&#8243; _builder_version=&raquo;4.27.5&#8243; _module_preset=&raquo;default&raquo; global_colors_info=&raquo;{}&raquo; theme_builder_area=&raquo;post_content&raquo;][et_pb_column type=&raquo;1_2&#8243; _builder_version=&raquo;4.27.5&#8243; _module_preset=&raquo;default&raquo; global_colors_info=&raquo;{}&raquo; theme_builder_area=&raquo;post_content&raquo;][et_pb_image src=&raquo;https:\/\/intonorway.no\/wp-content\/uploads\/sites\/6\/2026\/02\/n62jhgud35.jpg&raquo; alt=&raquo;Foto: Pellestova Hotell Hafjell&raquo; title_text=&raquo;Pellestova Hotell Hafjell&raquo; _builder_version=&raquo;4.27.5&#8243; _module_preset=&raquo;default&raquo; global_colors_info=&raquo;{}&raquo; theme_builder_area=&raquo;post_content&raquo;][\/et_pb_image][\/et_pb_column][et_pb_column type=&raquo;1_2&#8243; _builder_version=&raquo;4.27.5&#8243; _module_preset=&raquo;default&raquo; global_colors_info=&raquo;{}&raquo; theme_builder_area=&raquo;post_content&raquo;][et_pb_text _builder_version=&raquo;4.27.5&#8243; _module_preset=&raquo;default&raquo; hover_enabled=&raquo;0&#8243; global_colors_info=&raquo;{}&raquo; theme_builder_area=&raquo;post_content&raquo; sticky_enabled=&raquo;0&#8243;]<\/p>\n<h3 data-start=\"445\" data-end=\"488\">Nasjonalparkenes navle<\/h3>\n<p data-start=\"489\" data-end=\"649\"><span>Nord-Gudbrandsdalen byr p\u00e5 hele 6 nasjonalparker, og 5 av dem har topper over 2000 meter over havet. Hvilken nasjonalpark vil du bes\u00f8ke?<\/span><\/p>\n<p>[\/et_pb_text][et_pb_button button_url=&raquo;https:\/\/www.nasjonalparkriket.no\/nasjonalparkene-i-nord-gudbrandsdalen&raquo; url_new_window=&raquo;on&raquo; button_text=&raquo;Se nasjonalparkene&raquo; _builder_version=&raquo;4.27.5&#8243; _module_preset=&raquo;default&raquo; hover_enabled=&raquo;0&#8243; global_colors_info=&raquo;{}&raquo; theme_builder_area=&raquo;post_content&raquo; sticky_enabled=&raquo;0&#8243;][\/et_pb_button][\/et_pb_column][\/et_pb_row][et_pb_row column_structure=&raquo;1_2,1_2&#8243; disabled_on=&raquo;on|off|off&raquo; _builder_version=&raquo;4.27.5&#8243; _module_preset=&raquo;default&raquo; global_colors_info=&raquo;{}&raquo; theme_builder_area=&raquo;post_content&raquo;][et_pb_column type=&raquo;1_2&#8243; _builder_version=&raquo;4.27.5&#8243; _module_preset=&raquo;default&raquo; global_colors_info=&raquo;{}&raquo; theme_builder_area=&raquo;post_content&raquo;][et_pb_text _builder_version=&raquo;4.27.5&#8243; _module_preset=&raquo;default&raquo; global_colors_info=&raquo;{}&raquo; theme_builder_area=&raquo;post_content&raquo;]<\/p>\n<h3 data-start=\"445\" data-end=\"488\">Fjellomr\u00e5der i regionen<\/h3>\n<p><span>I regionen finner du fantastiske fjellomr\u00e5der som\u00a0<\/span>Venabygdsfjellet<span>,\u00a0<\/span>Kvamsfjellet<span>,\u00a0<\/span>G\u00e5l\u00e5<span>,\u00a0<\/span>Espedalen<span>,\u00a0<\/span>Kvitfjell<span>,\u00a0<\/span>Skeikampen<span>,\u00a0<\/span>\u00d8yerfjellet,<span>\u00a0<\/span>Nordseter<span>\u00a0og\u00a0<\/span>Sjusj\u00f8en<span>. I tillegg kan du utforske to av Norges nasjonalparker, Rondane Nasjonalpark og Langsua Nasjonalpark.<\/span><\/p>\n<p>[\/et_pb_text][et_pb_button button_url=&raquo;https:\/\/blogg.lillehammer.com\/opplev-vaart-vakre-hoeyfjellseldorado\/&raquo; url_new_window=&raquo;on&raquo; button_text=&raquo;Se mer&raquo; _builder_version=&raquo;4.27.5&#8243; _module_preset=&raquo;default&raquo; global_colors_info=&raquo;{}&raquo; theme_builder_area=&raquo;post_content&raquo;][\/et_pb_button][\/et_pb_column][et_pb_column type=&raquo;1_2&#8243; _builder_version=&raquo;4.27.5&#8243; _module_preset=&raquo;default&raquo; global_colors_info=&raquo;{}&raquo; theme_builder_area=&raquo;post_content&raquo;][et_pb_image src=&raquo;https:\/\/intonorway.no\/wp-content\/uploads\/sites\/6\/2025\/04\/h7ekch6m2d-e1743757739100.jpg&raquo; alt=&raquo;P\u00e5 fottur oppover mot Nevelfjell, med utsikt \u00f8stover. Foto: Geir Olsen&raquo; title_text=&raquo;Nevelfjell&raquo; _builder_version=&raquo;4.27.5&#8243; _module_preset=&raquo;default&raquo; global_colors_info=&raquo;{}&raquo; theme_builder_area=&raquo;post_content&raquo;][\/et_pb_image][\/et_pb_column][\/et_pb_row][et_pb_row column_structure=&raquo;1_2,1_2&#8243; disabled_on=&raquo;off|on|on&raquo; _builder_version=&raquo;4.27.5&#8243; _module_preset=&raquo;default&raquo; global_colors_info=&raquo;{}&raquo; theme_builder_area=&raquo;post_content&raquo;][et_pb_column type=&raquo;1_2&#8243; _builder_version=&raquo;4.27.5&#8243; _module_preset=&raquo;default&raquo; global_colors_info=&raquo;{}&raquo; theme_builder_area=&raquo;post_content&raquo;][et_pb_image src=&raquo;https:\/\/intonorway.no\/wp-content\/uploads\/sites\/6\/2025\/04\/h7ekch6m2d-e1743757739100.jpg&raquo; alt=&raquo;P\u00e5 fottur oppover mot Nevelfjell, med utsikt \u00f8stover. Foto: Geir Olsen&raquo; title_text=&raquo;Nevelfjell&raquo; _builder_version=&raquo;4.27.5&#8243; _module_preset=&raquo;default&raquo; global_colors_info=&raquo;{}&raquo; theme_builder_area=&raquo;post_content&raquo;][\/et_pb_image][\/et_pb_column][et_pb_column type=&raquo;1_2&#8243; _builder_version=&raquo;4.27.5&#8243; _module_preset=&raquo;default&raquo; global_colors_info=&raquo;{}&raquo; theme_builder_area=&raquo;post_content&raquo;][et_pb_text _builder_version=&raquo;4.27.5&#8243; _module_preset=&raquo;default&raquo; global_colors_info=&raquo;{}&raquo; theme_builder_area=&raquo;post_content&raquo;]<\/p>\n<h3 data-start=\"445\" data-end=\"488\">Fjellomr\u00e5der i regionen<\/h3>\n<p><span>I regionen finner du fantastiske fjellomr\u00e5der som\u00a0<\/span>Venabygdsfjellet<span>,\u00a0<\/span>Kvamsfjellet<span>,\u00a0<\/span>G\u00e5l\u00e5<span>,\u00a0<\/span>Espedalen<span>,\u00a0<\/span>Kvitfjell<span>,\u00a0<\/span>Skeikampen<span>,\u00a0<\/span>\u00d8yerfjellet,<span>\u00a0<\/span>Nordseter<span>\u00a0og\u00a0<\/span>Sjusj\u00f8en<span>. I tillegg kan du utforske to av Norges nasjonalparker, Rondane Nasjonalpark og Langsua Nasjonalpark.<\/span><\/p>\n<p>[\/et_pb_text][et_pb_button button_url=&raquo;https:\/\/blogg.lillehammer.com\/opplev-vaart-vakre-hoeyfjellseldorado\/&raquo; url_new_window=&raquo;on&raquo; button_text=&raquo;Se mer&raquo; _builder_version=&raquo;4.27.5&#8243; _module_preset=&raquo;default&raquo; global_colors_info=&raquo;{}&raquo; theme_builder_area=&raquo;post_content&raquo;][\/et_pb_button][\/et_pb_column][\/et_pb_row][et_pb_row column_structure=&raquo;1_2,1_2&#8243; _builder_version=&raquo;4.27.5&#8243; _module_preset=&raquo;default&raquo; global_colors_info=&raquo;{}&raquo; theme_builder_area=&raquo;post_content&raquo;][et_pb_column type=&raquo;1_2&#8243; _builder_version=&raquo;4.27.5&#8243; _module_preset=&raquo;default&raquo; global_colors_info=&raquo;{}&raquo; theme_builder_area=&raquo;post_content&raquo;][et_pb_image src=&raquo;https:\/\/intonorway.no\/wp-content\/uploads\/sites\/6\/2026\/02\/n62jhgud35.jpg&raquo; alt=&raquo;Foto: Pellestova Hotell Hafjell&raquo; title_text=&raquo;Pellestova Hotell Hafjell&raquo; _builder_version=&raquo;4.27.5&#8243; _module_preset=&raquo;default&raquo; global_colors_info=&raquo;{}&raquo; theme_builder_area=&raquo;post_content&raquo;][\/et_pb_image][\/et_pb_column][et_pb_column type=&raquo;1_2&#8243; _builder_version=&raquo;4.27.5&#8243; _module_preset=&raquo;default&raquo; global_colors_info=&raquo;{}&raquo; theme_builder_area=&raquo;post_content&raquo;][et_pb_text _builder_version=&raquo;4.27.5&#8243; _module_preset=&raquo;default&raquo; global_colors_info=&raquo;{}&raquo; theme_builder_area=&raquo;post_content&raquo;]<\/p>\n<h3 data-start=\"445\" data-end=\"488\">H\u00f8yfjellshotell og lave skuldre<\/h3>\n<p data-start=\"489\" data-end=\"649\">Hva med en ferieopplevelse der alt er tilrettelagt? Maten blir servert, hotellrommet vasket og turterrenget starter rett utenfor d\u00f8ra? Fristende? Da anbefaler vi en \u00aball inclusive\u00bb i fjellheimen!<\/p>\n<p>[\/et_pb_text][et_pb_button button_url=&raquo;https:\/\/blogg.lillehammer.com\/all-inclusive-i-fjellheimen\/&raquo; url_new_window=&raquo;on&raquo; button_text=&raquo;Se h\u00f8yfjellshotellene&raquo; _builder_version=&raquo;4.27.5&#8243; _module_preset=&raquo;default&raquo; global_colors_info=&raquo;{}&raquo; theme_builder_area=&raquo;post_content&raquo;][\/et_pb_button][\/et_pb_column][\/et_pb_row][et_pb_row column_structure=&raquo;1_2,1_2&#8243; disabled_on=&raquo;on|off|off&raquo; _builder_version=&raquo;4.27.5&#8243; _module_preset=&raquo;default&raquo; global_colors_info=&raquo;{}&raquo; theme_builder_area=&raquo;post_content&raquo;][et_pb_column type=&raquo;1_2&#8243; _builder_version=&raquo;4.27.5&#8243; _module_preset=&raquo;default&raquo; global_colors_info=&raquo;{}&raquo; theme_builder_area=&raquo;post_content&raquo;][et_pb_text _builder_version=&raquo;4.27.5&#8243; _module_preset=&raquo;default&raquo; global_colors_info=&raquo;{}&raquo; theme_builder_area=&raquo;post_content&raquo;]<\/p>\n<h3 data-start=\"445\" data-end=\"488\">Langrennseldorado<\/h3>\n<p>Lillehammer og Gudbrandsdalen kan by p\u00e5 noen av de beste langrennsdestinasjonene i landet, og ogs\u00e5 i Europa. Velg korte eller lange turer alt etter hva \u00f8nsket tilsier. Og du kan ta utgangspunkt i hele Gudbrandsdalen som startpunkt.\u00a0<\/p>\n<p>[\/et_pb_text][et_pb_button button_url=&raquo;https:\/\/intonorway.no\/langrenn\/&raquo; url_new_window=&raquo;on&raquo; button_text=&raquo;Se langrennsmulighetene&raquo; _builder_version=&raquo;4.27.5&#8243; _module_preset=&raquo;default&raquo; global_colors_info=&raquo;{}&raquo; theme_builder_area=&raquo;post_content&raquo;][\/et_pb_button][\/et_pb_column][et_pb_column type=&raquo;1_2&#8243; _builder_version=&raquo;4.27.5&#8243; _module_preset=&raquo;default&raquo; global_colors_info=&raquo;{}&raquo; theme_builder_area=&raquo;post_content&raquo;][et_pb_image src=&raquo;https:\/\/intonorway.no\/wp-content\/uploads\/sites\/6\/2026\/02\/vlbd553lr8.jpg&raquo; alt=&raquo;Langrenn. Foto: Kenneth Nordahl Pedersen &raquo; title_text=&raquo;Langrenn p\u00e5 Nordseter&raquo; _builder_version=&raquo;4.27.5&#8243; _module_preset=&raquo;default&raquo; global_colors_info=&raquo;{}&raquo; theme_builder_area=&raquo;post_content&raquo;][\/et_pb_image][\/et_pb_column][\/et_pb_row][et_pb_row column_structure=&raquo;1_2,1_2&#8243; disabled_on=&raquo;off|on|on&raquo; _builder_version=&raquo;4.27.5&#8243; _module_preset=&raquo;default&raquo; global_colors_info=&raquo;{}&raquo; theme_builder_area=&raquo;post_content&raquo;][et_pb_column type=&raquo;1_2&#8243; _builder_version=&raquo;4.27.5&#8243; _module_preset=&raquo;default&raquo; global_colors_info=&raquo;{}&raquo; theme_builder_area=&raquo;post_content&raquo;][et_pb_image src=&raquo;https:\/\/intonorway.no\/wp-content\/uploads\/sites\/6\/2026\/02\/vlbd553lr8.jpg&raquo; alt=&raquo;Langrenn. Foto: Kenneth Nordahl Pedersen&raquo; title_text=&raquo;Langrenn p\u00e5 Nordseter&raquo; _builder_version=&raquo;4.27.5&#8243; _module_preset=&raquo;default&raquo; min_height=&raquo;256.9px&raquo; global_colors_info=&raquo;{}&raquo; theme_builder_area=&raquo;post_content&raquo;][\/et_pb_image][\/et_pb_column][et_pb_column type=&raquo;1_2&#8243; _builder_version=&raquo;4.27.5&#8243; _module_preset=&raquo;default&raquo; global_colors_info=&raquo;{}&raquo; theme_builder_area=&raquo;post_content&raquo;][et_pb_text _builder_version=&raquo;4.27.5&#8243; _module_preset=&raquo;default&raquo; global_colors_info=&raquo;{}&raquo; theme_builder_area=&raquo;post_content&raquo;]<\/p>\n<h3 data-start=\"445\" data-end=\"488\">Langrennseldorado<\/h3>\n<p>Lillehammer og Gudbrandsdalen kan by p\u00e5 noen av de beste langrennsdestinasjonene i landet, og ogs\u00e5 i Europa. Velg korte eller lange turer alt etter hva \u00f8nsket tilsier. Og du kan ta utgangspunkt i hele Gudbrandsdalen som startpunkt.\u00a0<\/p>\n<p>[\/et_pb_text][et_pb_button button_url=&raquo;https:\/\/intonorway.no\/langrenn\/&raquo; url_new_window=&raquo;on&raquo; button_text=&raquo;Se langrennsmulighetene&raquo; _builder_version=&raquo;4.27.5&#8243; _module_preset=&raquo;default&raquo; global_colors_info=&raquo;{}&raquo; theme_builder_area=&raquo;post_content&raquo;][\/et_pb_button][\/et_pb_column][\/et_pb_row][et_pb_row column_structure=&raquo;1_2,1_2&#8243; disabled_on=&raquo;on|off|off&raquo; _builder_version=&raquo;4.27.5&#8243; _module_preset=&raquo;default&raquo; global_colors_info=&raquo;{}&raquo; theme_builder_area=&raquo;post_content&raquo;][et_pb_column type=&raquo;1_2&#8243; _builder_version=&raquo;4.27.5&#8243; _module_preset=&raquo;default&raquo; global_colors_info=&raquo;{}&raquo; theme_builder_area=&raquo;post_content&raquo;][et_pb_image src=&raquo;https:\/\/intonorway.no\/wp-content\/uploads\/sites\/6\/2026\/02\/yfhv5z2vxu.jpg&raquo; alt=&raquo;Alpint. Foto: Vegard Breie&raquo; title_text=&raquo;Kvitfjell Alpinanlegg&raquo; _builder_version=&raquo;4.27.5&#8243; _module_preset=&raquo;default&raquo; global_colors_info=&raquo;{}&raquo; theme_builder_area=&raquo;post_content&raquo;][\/et_pb_image][\/et_pb_column][et_pb_column type=&raquo;1_2&#8243; _builder_version=&raquo;4.27.5&#8243; _module_preset=&raquo;default&raquo; global_colors_info=&raquo;{}&raquo; theme_builder_area=&raquo;post_content&raquo;][et_pb_text _builder_version=&raquo;4.27.5&#8243; _module_preset=&raquo;default&raquo; global_colors_info=&raquo;{}&raquo; theme_builder_area=&raquo;post_content&raquo;]<\/p>\n<h3 data-start=\"445\" data-end=\"488\">Alpint for hele familien<\/h3>\n<p>\u00d8nsker du komforten av \u00e5 blir fraktet til toppen av en heis for s\u00e5 \u00e5 kj\u00f8re nedover enten i preppede l\u00f8yper eller ur\u00f8rt skogsterreng? Ta en titt p\u00e5 alle de gode skianleggene vi har i regionen. Her finner du noe for en hver smak.\u00a0<\/p>\n<p>[\/et_pb_text][et_pb_button button_url=&raquo;https:\/\/intonorway.no\/alpint-moro-for-hele-familien\/&raquo; url_new_window=&raquo;on&raquo; button_text=&raquo;Se skianlegg&raquo; _builder_version=&raquo;4.27.5&#8243; _module_preset=&raquo;default&raquo; global_colors_info=&raquo;{}&raquo; theme_builder_area=&raquo;post_content&raquo;][\/et_pb_button][\/et_pb_column][\/et_pb_row][et_pb_row column_structure=&raquo;1_3,1_3,1_3&#8243; _builder_version=&raquo;4.27.4&#8243; _module_preset=&raquo;_initial&raquo; width=&raquo;100%&raquo; width_tablet=&raquo;80%&raquo; width_phone=&raquo;80%&raquo; width_last_edited=&raquo;on|tablet&raquo; module_alignment=&raquo;center&raquo; custom_margin=&raquo;50px||50px||false|false&raquo; custom_padding=&raquo;0px||0px||false|false&raquo; global_module=&raquo;2517&#8243; saved_tabs=&raquo;all&raquo; global_colors_info=&raquo;{}&raquo; theme_builder_area=&raquo;post_content&raquo;][et_pb_column type=&raquo;1_3&#8243; _builder_version=&raquo;4.27.4&#8243; _module_preset=&raquo;default&raquo; background_color=&raquo;RGBA(255,255,255,0)&raquo; global_colors_info=&raquo;{}&raquo; background__hover_enabled=&raquo;on|hover&raquo; background_color__hover=&raquo;#B1B1B1&#8243; background_enable_color__hover=&raquo;on&raquo; theme_builder_area=&raquo;post_content&raquo;][et_pb_image src=&raquo;https:\/\/intonorway.no\/wp-content\/uploads\/sites\/6\/2025\/06\/webdomkirkeodden-scaled-e1750318492951.jpg&raquo; alt=&raquo;Domkirkeodden Foto: Visit Mj\u00f8sa&raquo; title_text=&raquo;webdomkirkeodden&raquo; _builder_version=&raquo;4.27.4&#8243; _module_preset=&raquo;default&raquo; global_colors_info=&raquo;{}&raquo; theme_builder_area=&raquo;post_content&raquo;][\/et_pb_image][et_pb_text _builder_version=&raquo;4.27.4&#8243; _module_preset=&raquo;default&raquo; header_text_color=&raquo;#ffffff&raquo; background_color=&raquo;RGBA(255,255,255,0)&raquo; global_colors_info=&raquo;{}&raquo; theme_builder_area=&raquo;post_content&raquo;]<\/p>\n<p style=\"text-align: center\">Hamarregionen byr p\u00e5 et unikt m\u00f8te mellom matopplevelser, mykt landskap og historiske skatter. Tett p\u00e5 og lett tilgjengelig.<\/p>\n<p>[\/et_pb_text][et_pb_button button_url=&raquo;https:\/\/www.visitmjosa.no&raquo; button_text=&raquo;www.visitmjosa.no&raquo; button_alignment=&raquo;center&raquo; _builder_version=&raquo;4.27.4&#8243; _module_preset=&raquo;default&raquo; custom_margin=&raquo;||10px||false|false&raquo; custom_padding=&raquo;||10px||false|false&raquo; global_colors_info=&raquo;{}&raquo; theme_builder_area=&raquo;post_content&raquo;][\/et_pb_button][\/et_pb_column][et_pb_column type=&raquo;1_3&#8243; _builder_version=&raquo;4.27.4&#8243; _module_preset=&raquo;default&raquo; background_color=&raquo;RGBA(255,255,255,0)&raquo; global_colors_info=&raquo;{}&raquo; background__hover_enabled=&raquo;on|hover&raquo; background_color__hover=&raquo;#B1B1B1&#8243; background_enable_color__hover=&raquo;on&raquo; theme_builder_area=&raquo;post_content&raquo;][et_pb_image src=&raquo;https:\/\/intonorway.no\/wp-content\/uploads\/sites\/6\/2025\/03\/pd5c8cjzz4-scaled-e1743422617607.jpg&raquo; alt=&raquo;Balbergkampen \/ Foto: Anni Martikainen&raquo; title_text=&raquo;Balbergkampen&raquo; _builder_version=&raquo;4.27.4&#8243; _module_preset=&raquo;default&raquo; global_colors_info=&raquo;{}&raquo; theme_builder_area=&raquo;post_content&raquo;][\/et_pb_image][et_pb_text _builder_version=&raquo;4.27.4&#8243; _module_preset=&raquo;default&raquo; global_colors_info=&raquo;{}&raquo; theme_builder_area=&raquo;post_content&raquo;]<\/p>\n<p style=\"text-align: center\">I Lillehammer og Gudbrandsdalen er det kort vei mellom byliv, friluft og historie \u2013 perfekt for b\u00e5de familier og kulturintresserte.<\/p>\n<p>[\/et_pb_text][et_pb_button button_url=&raquo;https:\/\/www.lillehammer.com&raquo; button_text=&raquo;www.lillehammer.com&raquo; button_alignment=&raquo;center&raquo; _builder_version=&raquo;4.27.4&#8243; _module_preset=&raquo;default&raquo; custom_margin=&raquo;||10px||false|false&raquo; custom_padding=&raquo;||10px||false|false&raquo; global_colors_info=&raquo;{}&raquo; theme_builder_area=&raquo;post_content&raquo;][\/et_pb_button][\/et_pb_column][et_pb_column type=&raquo;1_3&#8243; _builder_version=&raquo;4.27.4&#8243; _module_preset=&raquo;default&raquo; background_color=&raquo;RGBA(255,255,255,0)&raquo; global_colors_info=&raquo;{}&raquo; background__hover_enabled=&raquo;on|hover&raquo; background_color__hover=&raquo;#B1B1B1&#8243; background_enable_color__hover=&raquo;on&raquo; theme_builder_area=&raquo;post_content&raquo;][et_pb_image src=&raquo;https:\/\/intonorway.no\/wp-content\/uploads\/sites\/6\/2025\/06\/viewpoint-SNOHETTA-\u00a9diephotodesigner.web-2-e1750318526842.jpg&raquo; alt=&raquo;viewpoint SN\u00d8HETTA Foto: Nasjonalparkriket&raquo; title_text=&raquo;viewpoint SN\u00d8HETTA \u00a9diephotodesigner.web (2)&raquo; _builder_version=&raquo;4.27.4&#8243; _module_preset=&raquo;default&raquo; global_colors_info=&raquo;{}&raquo; theme_builder_area=&raquo;post_content&raquo;][\/et_pb_image][et_pb_text _builder_version=&raquo;4.27.4&#8243; _module_preset=&raquo;default&raquo; global_colors_info=&raquo;{}&raquo; theme_builder_area=&raquo;post_content&raquo;]<\/p>\n<p style=\"text-align: center\">Nasjonalparkriket byr p\u00e5 spektakul\u00e6r natur, matopplevelser i verdensklasse og aktiviteter for alle.<\/p>\n<p>[\/et_pb_text][et_pb_button button_url=&raquo;https:\/\/www.nasjonalparkriket.no&raquo; button_text=&raquo;www.nasjonalparkriket.no&raquo; button_alignment=&raquo;center&raquo; _builder_version=&raquo;4.27.4&#8243; _module_preset=&raquo;default&raquo; custom_margin=&raquo;||10px||false|false&raquo; custom_padding=&raquo;||10px||false|false&raquo; global_colors_info=&raquo;{}&raquo; theme_builder_area=&raquo;post_content&raquo;][\/et_pb_button][\/et_pb_column][\/et_pb_row][\/et_pb_section][et_pb_section fb_built=&raquo;1&#8243; _builder_version=&raquo;4.16&#8243; _module_preset=&raquo;default&raquo; background_color=&raquo;#ffffff&raquo; custom_margin=&raquo;0px||||false|false&raquo; custom_padding=&raquo;0px||||false|false&raquo; global_colors_info=&raquo;{}&raquo; theme_builder_area=&raquo;post_content&raquo;][et_pb_row _builder_version=&raquo;4.16&#8243; _module_preset=&raquo;b390f12f-39f4-4e01-b7d8-95291ccf5b61&#8243; global_colors_info=&raquo;{}&raquo; theme_builder_area=&raquo;post_content&raquo;][et_pb_column type=&raquo;4_4&#8243; _builder_version=&raquo;4.16&#8243; _module_preset=&raquo;default&raquo; global_colors_info=&raquo;{}&raquo; theme_builder_area=&raquo;post_content&raquo;][et_pb_divider _builder_version=&raquo;4.16&#8243; _module_preset=&raquo;68fe8a86-81f2-448e-bbe3-e696cbfb5e01&#8243; global_colors_info=&raquo;{}&raquo; theme_builder_area=&raquo;post_content&raquo;][\/et_pb_divider][et_pb_blog posts_number=&raquo;6&#8243; include_categories=&raquo;all&raquo; _builder_version=&raquo;4.27.4&#8243; _module_preset=&raquo;6ba797fd-07f6-4c8b-ac4c-535bdc698721&#8243; global_colors_info=&raquo;{}&raquo; theme_builder_area=&raquo;post_content&raquo;][\/et_pb_blog][\/et_pb_column][\/et_pb_row][\/et_pb_section]<\/p>\n","protected":false},"excerpt":{"rendered":"<p>Milevis med \u00e5pent terreng, sn\u00f8kledde fjelltopper, majestetiske nasjonalparker og uendelige muligheter b\u00e5de i og utenfor sporet.<\/p>\n","protected":false},"author":10,"featured_media":3041,"comment_status":"closed","ping_status":"closed","sticky":false,"template":"","format":"standard","meta":{"_et_pb_use_builder":"on","_et_pb_old_content":"","_et_gb_content_width":"2880","inline_featured_image":false,"footnotes":""},"categories":[31,24,15,19],"tags":[],"class_list":["post-2993","post","type-post","status-publish","format-standard","has-post-thumbnail","hentry","category-fjelldestinasjoner","category-natoropplevelser","category-reiseinspirasjon","category-vinter"],"yoast_head":"<!-- This site is optimized with the Yoast SEO plugin v27.4 - https:\/\/yoast.com\/product\/yoast-seo-wordpress\/ -->\n<title>H\u00f8yfjell og nasjonalparker - Into Norway - home of culture<\/title>\n<meta name=\"robots\" content=\"index, follow, max-snippet:-1, max-image-preview:large, max-video-preview:-1\" \/>\n<link rel=\"canonical\" href=\"https:\/\/intonorway.com\/no\/hoyfjell-og-nasjonalparker\/\" \/>\n<meta property=\"og:locale\" content=\"nb_NO\" \/>\n<meta property=\"og:type\" content=\"article\" \/>\n<meta property=\"og:title\" content=\"H\u00f8yfjell og nasjonalparker - Into Norway - home of culture\" \/>\n<meta property=\"og:description\" content=\"Milevis med \u00e5pent terreng, sn\u00f8kledde fjelltopper, majestetiske nasjonalparker og uendelige muligheter b\u00e5de i og utenfor sporet.\" \/>\n<meta property=\"og:url\" content=\"https:\/\/intonorway.com\/no\/hoyfjell-og-nasjonalparker\/\" \/>\n<meta property=\"og:site_name\" content=\"Into Norway - home of culture\" \/>\n<meta property=\"article:published_time\" content=\"2026-02-05T08:37:58+00:00\" \/>\n<meta property=\"article:modified_time\" content=\"2026-02-10T10:52:39+00:00\" \/>\n<meta property=\"og:image\" content=\"https:\/\/intonorway.com\/wp-content\/uploads\/sites\/6\/2026\/02\/nurfafz32v.jpg\" \/>\n\t<meta property=\"og:image:width\" content=\"1920\" \/>\n\t<meta property=\"og:image:height\" content=\"1282\" \/>\n\t<meta property=\"og:image:type\" content=\"image\/jpeg\" \/>\n<meta name=\"author\" content=\"caroline\" \/>\n<meta name=\"twitter:card\" content=\"summary_large_image\" \/>\n<meta name=\"twitter:label1\" content=\"Skrevet av\" \/>\n\t<meta name=\"twitter:data1\" content=\"caroline\" \/>\n\t<meta name=\"twitter:label2\" content=\"Ansl. lesetid\" \/>\n\t<meta name=\"twitter:data2\" content=\"7 minutter\" \/>\n<script type=\"application\/ld+json\" class=\"yoast-schema-graph\">{\"@context\":\"https:\\\/\\\/schema.org\",\"@graph\":[{\"@type\":\"Article\",\"@id\":\"https:\\\/\\\/intonorway.com\\\/no\\\/hoyfjell-og-nasjonalparker\\\/#article\",\"isPartOf\":{\"@id\":\"https:\\\/\\\/intonorway.com\\\/no\\\/hoyfjell-og-nasjonalparker\\\/\"},\"author\":{\"name\":\"caroline\",\"@id\":\"https:\\\/\\\/intonorway.com\\\/no\\\/#\\\/schema\\\/person\\\/f69b6b21f51e8b3d70f7285bc0c8d8b1\"},\"headline\":\"H\u00f8yfjell og nasjonalparker\",\"datePublished\":\"2026-02-05T08:37:58+00:00\",\"dateModified\":\"2026-02-10T10:52:39+00:00\",\"mainEntityOfPage\":{\"@id\":\"https:\\\/\\\/intonorway.com\\\/no\\\/hoyfjell-og-nasjonalparker\\\/\"},\"wordCount\":2562,\"image\":{\"@id\":\"https:\\\/\\\/intonorway.com\\\/no\\\/hoyfjell-og-nasjonalparker\\\/#primaryimage\"},\"thumbnailUrl\":\"https:\\\/\\\/intonorway.com\\\/wp-content\\\/uploads\\\/sites\\\/6\\\/2026\\\/02\\\/nurfafz32v.jpg\",\"articleSection\":[\"Fjelldestinasjoner\",\"Naturopplevelser\",\"Reiseinspirasjon\",\"Vinter\"],\"inLanguage\":\"nb-NO\"},{\"@type\":\"WebPage\",\"@id\":\"https:\\\/\\\/intonorway.com\\\/no\\\/hoyfjell-og-nasjonalparker\\\/\",\"url\":\"https:\\\/\\\/intonorway.com\\\/no\\\/hoyfjell-og-nasjonalparker\\\/\",\"name\":\"H\u00f8yfjell og nasjonalparker - Into Norway - home of culture\",\"isPartOf\":{\"@id\":\"https:\\\/\\\/intonorway.com\\\/no\\\/#website\"},\"primaryImageOfPage\":{\"@id\":\"https:\\\/\\\/intonorway.com\\\/no\\\/hoyfjell-og-nasjonalparker\\\/#primaryimage\"},\"image\":{\"@id\":\"https:\\\/\\\/intonorway.com\\\/no\\\/hoyfjell-og-nasjonalparker\\\/#primaryimage\"},\"thumbnailUrl\":\"https:\\\/\\\/intonorway.com\\\/wp-content\\\/uploads\\\/sites\\\/6\\\/2026\\\/02\\\/nurfafz32v.jpg\",\"datePublished\":\"2026-02-05T08:37:58+00:00\",\"dateModified\":\"2026-02-10T10:52:39+00:00\",\"author\":{\"@id\":\"https:\\\/\\\/intonorway.com\\\/no\\\/#\\\/schema\\\/person\\\/f69b6b21f51e8b3d70f7285bc0c8d8b1\"},\"breadcrumb\":{\"@id\":\"https:\\\/\\\/intonorway.com\\\/no\\\/hoyfjell-og-nasjonalparker\\\/#breadcrumb\"},\"inLanguage\":\"nb-NO\",\"potentialAction\":[{\"@type\":\"ReadAction\",\"target\":[\"https:\\\/\\\/intonorway.com\\\/no\\\/hoyfjell-og-nasjonalparker\\\/\"]}]},{\"@type\":\"ImageObject\",\"inLanguage\":\"nb-NO\",\"@id\":\"https:\\\/\\\/intonorway.com\\\/no\\\/hoyfjell-og-nasjonalparker\\\/#primaryimage\",\"url\":\"https:\\\/\\\/intonorway.com\\\/wp-content\\\/uploads\\\/sites\\\/6\\\/2026\\\/02\\\/nurfafz32v.jpg\",\"contentUrl\":\"https:\\\/\\\/intonorway.com\\\/wp-content\\\/uploads\\\/sites\\\/6\\\/2026\\\/02\\\/nurfafz32v.jpg\",\"width\":1920,\"height\":1282,\"caption\":\"Rondane nasjonalpark. Foto: Ian Brodie\"},{\"@type\":\"BreadcrumbList\",\"@id\":\"https:\\\/\\\/intonorway.com\\\/no\\\/hoyfjell-og-nasjonalparker\\\/#breadcrumb\",\"itemListElement\":[{\"@type\":\"ListItem\",\"position\":1,\"name\":\"Home\",\"item\":\"https:\\\/\\\/intonorway.com\\\/no\\\/\"},{\"@type\":\"ListItem\",\"position\":2,\"name\":\"H\u00f8yfjell og nasjonalparker\"}]},{\"@type\":\"WebSite\",\"@id\":\"https:\\\/\\\/intonorway.com\\\/no\\\/#website\",\"url\":\"https:\\\/\\\/intonorway.com\\\/no\\\/\",\"name\":\"Into Norway - home of culture\",\"description\":\"\",\"potentialAction\":[{\"@type\":\"SearchAction\",\"target\":{\"@type\":\"EntryPoint\",\"urlTemplate\":\"https:\\\/\\\/intonorway.com\\\/no\\\/?s={search_term_string}\"},\"query-input\":{\"@type\":\"PropertyValueSpecification\",\"valueRequired\":true,\"valueName\":\"search_term_string\"}}],\"inLanguage\":\"nb-NO\"},{\"@type\":\"Person\",\"@id\":\"https:\\\/\\\/intonorway.com\\\/no\\\/#\\\/schema\\\/person\\\/f69b6b21f51e8b3d70f7285bc0c8d8b1\",\"name\":\"caroline\",\"image\":{\"@type\":\"ImageObject\",\"inLanguage\":\"nb-NO\",\"@id\":\"https:\\\/\\\/secure.gravatar.com\\\/avatar\\\/481f5b0f118ea36588ea9ed52544650c9565dc79abd3d8ae522b965d28df1c7d?s=96&d=mm&r=g\",\"url\":\"https:\\\/\\\/secure.gravatar.com\\\/avatar\\\/481f5b0f118ea36588ea9ed52544650c9565dc79abd3d8ae522b965d28df1c7d?s=96&d=mm&r=g\",\"contentUrl\":\"https:\\\/\\\/secure.gravatar.com\\\/avatar\\\/481f5b0f118ea36588ea9ed52544650c9565dc79abd3d8ae522b965d28df1c7d?s=96&d=mm&r=g\",\"caption\":\"caroline\"},\"url\":\"https:\\\/\\\/intonorway.com\\\/no\\\/author\\\/caroline\\\/\"}]}<\/script>\n<!-- \/ Yoast SEO plugin. -->","yoast_head_json":{"title":"H\u00f8yfjell og nasjonalparker - Into Norway - home of culture","robots":{"index":"index","follow":"follow","max-snippet":"max-snippet:-1","max-image-preview":"max-image-preview:large","max-video-preview":"max-video-preview:-1"},"canonical":"https:\/\/intonorway.com\/no\/hoyfjell-og-nasjonalparker\/","og_locale":"nb_NO","og_type":"article","og_title":"H\u00f8yfjell og nasjonalparker - Into Norway - home of culture","og_description":"Milevis med \u00e5pent terreng, sn\u00f8kledde fjelltopper, majestetiske nasjonalparker og uendelige muligheter b\u00e5de i og utenfor sporet.","og_url":"https:\/\/intonorway.com\/no\/hoyfjell-og-nasjonalparker\/","og_site_name":"Into Norway - home of culture","article_published_time":"2026-02-05T08:37:58+00:00","article_modified_time":"2026-02-10T10:52:39+00:00","og_image":[{"width":1920,"height":1282,"url":"https:\/\/intonorway.com\/wp-content\/uploads\/sites\/6\/2026\/02\/nurfafz32v.jpg","type":"image\/jpeg"}],"author":"caroline","twitter_card":"summary_large_image","twitter_misc":{"Skrevet av":"caroline","Ansl. lesetid":"7 minutter"},"schema":{"@context":"https:\/\/schema.org","@graph":[{"@type":"Article","@id":"https:\/\/intonorway.com\/no\/hoyfjell-og-nasjonalparker\/#article","isPartOf":{"@id":"https:\/\/intonorway.com\/no\/hoyfjell-og-nasjonalparker\/"},"author":{"name":"caroline","@id":"https:\/\/intonorway.com\/no\/#\/schema\/person\/f69b6b21f51e8b3d70f7285bc0c8d8b1"},"headline":"H\u00f8yfjell og nasjonalparker","datePublished":"2026-02-05T08:37:58+00:00","dateModified":"2026-02-10T10:52:39+00:00","mainEntityOfPage":{"@id":"https:\/\/intonorway.com\/no\/hoyfjell-og-nasjonalparker\/"},"wordCount":2562,"image":{"@id":"https:\/\/intonorway.com\/no\/hoyfjell-og-nasjonalparker\/#primaryimage"},"thumbnailUrl":"https:\/\/intonorway.com\/wp-content\/uploads\/sites\/6\/2026\/02\/nurfafz32v.jpg","articleSection":["Fjelldestinasjoner","Naturopplevelser","Reiseinspirasjon","Vinter"],"inLanguage":"nb-NO"},{"@type":"WebPage","@id":"https:\/\/intonorway.com\/no\/hoyfjell-og-nasjonalparker\/","url":"https:\/\/intonorway.com\/no\/hoyfjell-og-nasjonalparker\/","name":"H\u00f8yfjell og nasjonalparker - Into Norway - home of culture","isPartOf":{"@id":"https:\/\/intonorway.com\/no\/#website"},"primaryImageOfPage":{"@id":"https:\/\/intonorway.com\/no\/hoyfjell-og-nasjonalparker\/#primaryimage"},"image":{"@id":"https:\/\/intonorway.com\/no\/hoyfjell-og-nasjonalparker\/#primaryimage"},"thumbnailUrl":"https:\/\/intonorway.com\/wp-content\/uploads\/sites\/6\/2026\/02\/nurfafz32v.jpg","datePublished":"2026-02-05T08:37:58+00:00","dateModified":"2026-02-10T10:52:39+00:00","author":{"@id":"https:\/\/intonorway.com\/no\/#\/schema\/person\/f69b6b21f51e8b3d70f7285bc0c8d8b1"},"breadcrumb":{"@id":"https:\/\/intonorway.com\/no\/hoyfjell-og-nasjonalparker\/#breadcrumb"},"inLanguage":"nb-NO","potentialAction":[{"@type":"ReadAction","target":["https:\/\/intonorway.com\/no\/hoyfjell-og-nasjonalparker\/"]}]},{"@type":"ImageObject","inLanguage":"nb-NO","@id":"https:\/\/intonorway.com\/no\/hoyfjell-og-nasjonalparker\/#primaryimage","url":"https:\/\/intonorway.com\/wp-content\/uploads\/sites\/6\/2026\/02\/nurfafz32v.jpg","contentUrl":"https:\/\/intonorway.com\/wp-content\/uploads\/sites\/6\/2026\/02\/nurfafz32v.jpg","width":1920,"height":1282,"caption":"Rondane nasjonalpark. Foto: Ian Brodie"},{"@type":"BreadcrumbList","@id":"https:\/\/intonorway.com\/no\/hoyfjell-og-nasjonalparker\/#breadcrumb","itemListElement":[{"@type":"ListItem","position":1,"name":"Home","item":"https:\/\/intonorway.com\/no\/"},{"@type":"ListItem","position":2,"name":"H\u00f8yfjell og nasjonalparker"}]},{"@type":"WebSite","@id":"https:\/\/intonorway.com\/no\/#website","url":"https:\/\/intonorway.com\/no\/","name":"Into Norway - home of culture","description":"","potentialAction":[{"@type":"SearchAction","target":{"@type":"EntryPoint","urlTemplate":"https:\/\/intonorway.com\/no\/?s={search_term_string}"},"query-input":{"@type":"PropertyValueSpecification","valueRequired":true,"valueName":"search_term_string"}}],"inLanguage":"nb-NO"},{"@type":"Person","@id":"https:\/\/intonorway.com\/no\/#\/schema\/person\/f69b6b21f51e8b3d70f7285bc0c8d8b1","name":"caroline","image":{"@type":"ImageObject","inLanguage":"nb-NO","@id":"https:\/\/secure.gravatar.com\/avatar\/481f5b0f118ea36588ea9ed52544650c9565dc79abd3d8ae522b965d28df1c7d?s=96&d=mm&r=g","url":"https:\/\/secure.gravatar.com\/avatar\/481f5b0f118ea36588ea9ed52544650c9565dc79abd3d8ae522b965d28df1c7d?s=96&d=mm&r=g","contentUrl":"https:\/\/secure.gravatar.com\/avatar\/481f5b0f118ea36588ea9ed52544650c9565dc79abd3d8ae522b965d28df1c7d?s=96&d=mm&r=g","caption":"caroline"},"url":"https:\/\/intonorway.com\/no\/author\/caroline\/"}]}},"_links":{"self":[{"href":"https:\/\/intonorway.com\/no\/wp-json\/wp\/v2\/posts\/2993","targetHints":{"allow":["GET"]}}],"collection":[{"href":"https:\/\/intonorway.com\/no\/wp-json\/wp\/v2\/posts"}],"about":[{"href":"https:\/\/intonorway.com\/no\/wp-json\/wp\/v2\/types\/post"}],"author":[{"embeddable":true,"href":"https:\/\/intonorway.com\/no\/wp-json\/wp\/v2\/users\/10"}],"replies":[{"embeddable":true,"href":"https:\/\/intonorway.com\/no\/wp-json\/wp\/v2\/comments?post=2993"}],"version-history":[{"count":0,"href":"https:\/\/intonorway.com\/no\/wp-json\/wp\/v2\/posts\/2993\/revisions"}],"wp:featuredmedia":[{"embeddable":true,"href":"https:\/\/intonorway.com\/no\/wp-json\/wp\/v2\/media\/3041"}],"wp:attachment":[{"href":"https:\/\/intonorway.com\/no\/wp-json\/wp\/v2\/media?parent=2993"}],"wp:term":[{"taxonomy":"category","embeddable":true,"href":"https:\/\/intonorway.com\/no\/wp-json\/wp\/v2\/categories?post=2993"},{"taxonomy":"post_tag","embeddable":true,"href":"https:\/\/intonorway.com\/no\/wp-json\/wp\/v2\/tags?post=2993"}],"curies":[{"name":"wp","href":"https:\/\/api.w.org\/{rel}","templated":true}]}}